{"id":4098,"date":"2026-03-30T16:56:41","date_gmt":"2026-03-30T14:56:41","guid":{"rendered":"https:\/\/sunmind.co\/?p=4098"},"modified":"2026-04-01T15:48:06","modified_gmt":"2026-04-01T13:48:06","slug":"sunmind-met-en-service-deux-nouvelles-centrales-solaires-sur-les-aeroports-de-madere-et-porto-santo","status":"publish","type":"post","link":"https:\/\/sunmind.co\/fr\/sunmind-met-en-service-deux-nouvelles-centrales-solaires-sur-les-aeroports-de-madere-et-porto-santo\/","title":{"rendered":"SunMind met en service deux nouvelles centrales solaires sur les a\u00e9roports de Mad\u00e8re et Porto Santo"},"content":{"rendered":"","protected":false},"excerpt":{"rendered":"","protected":false},"author":8,"featured_media":4099,"comment_status":"closed","ping_status":"closed","sticky":false,"template":"","format":"standard","meta":{"_acf_changed":false,"footnotes":""},"categories":[16],"tags":[],"class_list":["post-4098","post","type-post","status-publish","format-standard","has-post-thumbnail","hentry","category-actualites"],"acf":[],"yoast_head":"<!-- This site is optimized with the Yoast SEO plugin v27.2 - https:\/\/yoast.com\/product\/yoast-seo-wordpress\/ -->\n<title>SunMind met en service deux nouvelles centrales solaires sur les a\u00e9roports de Mad\u00e8re et Porto Santo - Sunmind<\/title>\n<meta name=\"robots\" content=\"index, follow, max-snippet:-1, max-image-preview:large, max-video-preview:-1\" \/>\n<link rel=\"canonical\" href=\"https:\/\/sunmind.co\/fr\/sunmind-met-en-service-deux-nouvelles-centrales-solaires-sur-les-aeroports-de-madere-et-porto-santo\/\" \/>\n<meta property=\"og:locale\" content=\"fr_FR\" \/>\n<meta property=\"og:type\" content=\"article\" \/>\n<meta property=\"og:title\" content=\"SunMind met en service deux nouvelles centrales solaires sur les a\u00e9roports de Mad\u00e8re et Porto Santo - Sunmind\" \/>\n<meta property=\"og:url\" content=\"https:\/\/sunmind.co\/fr\/sunmind-met-en-service-deux-nouvelles-centrales-solaires-sur-les-aeroports-de-madere-et-porto-santo\/\" \/>\n<meta property=\"og:site_name\" content=\"Sunmind\" \/>\n<meta property=\"article:published_time\" content=\"2026-03-30T14:56:41+00:00\" \/>\n<meta property=\"article:modified_time\" content=\"2026-04-01T13:48:06+00:00\" \/>\n<meta property=\"og:image\" content=\"https:\/\/sunmind.co\/wp-content\/uploads\/2026\/03\/WhatsApp-Image-2026-03-20-at-12.04.16-e1774878538294.jpeg\" \/>\n\t<meta property=\"og:image:width\" content=\"1600\" \/>\n\t<meta property=\"og:image:height\" content=\"963\" \/>\n\t<meta property=\"og:image:type\" content=\"image\/jpeg\" \/>\n<meta name=\"author\" content=\"Etienne Pelbois\" \/>\n<meta name=\"twitter:card\" content=\"summary_large_image\" \/>\n<meta name=\"twitter:creator\" content=\"@vinciairports\" \/>\n<meta name=\"twitter:site\" content=\"@vinciairports\" \/>\n<meta name=\"twitter:label1\" content=\"\u00c9crit par\" \/>\n\t<meta name=\"twitter:data1\" content=\"Etienne Pelbois\" \/>\n\t<meta name=\"twitter:label2\" content=\"Dur\u00e9e de lecture estim\u00e9e\" \/>\n\t<meta name=\"twitter:data2\" content=\"1 minute\" \/>\n<script type=\"application\/ld+json\" class=\"yoast-schema-graph\">{\"@context\":\"https:\/\/schema.org\",\"@graph\":[{\"@type\":\"Article\",\"@id\":\"https:\/\/sunmind.co\/fr\/sunmind-met-en-service-deux-nouvelles-centrales-solaires-sur-les-aeroports-de-madere-et-porto-santo\/#article\",\"isPartOf\":{\"@id\":\"https:\/\/sunmind.co\/fr\/sunmind-met-en-service-deux-nouvelles-centrales-solaires-sur-les-aeroports-de-madere-et-porto-santo\/\"},\"author\":{\"name\":\"Etienne Pelbois\",\"@id\":\"https:\/\/sunmind.co\/fr\/#\/schema\/person\/fef6efdea46e9564cf53aaa993c7ca64\"},\"headline\":\"SunMind met en service deux nouvelles centrales solaires sur les a\u00e9roports de Mad\u00e8re et Porto Santo\",\"datePublished\":\"2026-03-30T14:56:41+00:00\",\"dateModified\":\"2026-04-01T13:48:06+00:00\",\"mainEntityOfPage\":{\"@id\":\"https:\/\/sunmind.co\/fr\/sunmind-met-en-service-deux-nouvelles-centrales-solaires-sur-les-aeroports-de-madere-et-porto-santo\/\"},\"wordCount\":18,\"image\":{\"@id\":\"https:\/\/sunmind.co\/fr\/sunmind-met-en-service-deux-nouvelles-centrales-solaires-sur-les-aeroports-de-madere-et-porto-santo\/#primaryimage\"},\"thumbnailUrl\":\"https:\/\/sunmind.co\/wp-content\/uploads\/2026\/03\/WhatsApp-Image-2026-03-20-at-12.04.16-e1774878538294.jpeg\",\"articleSection\":[\"Actualit\u00e9s\"],\"inLanguage\":\"fr-FR\"},{\"@type\":\"WebPage\",\"@id\":\"https:\/\/sunmind.co\/fr\/sunmind-met-en-service-deux-nouvelles-centrales-solaires-sur-les-aeroports-de-madere-et-porto-santo\/\",\"url\":\"https:\/\/sunmind.co\/fr\/sunmind-met-en-service-deux-nouvelles-centrales-solaires-sur-les-aeroports-de-madere-et-porto-santo\/\",\"name\":\"SunMind met en service deux nouvelles centrales solaires sur les a\u00e9roports de Mad\u00e8re et Porto Santo - Sunmind\",\"isPartOf\":{\"@id\":\"https:\/\/sunmind.co\/fr\/#website\"},\"primaryImageOfPage\":{\"@id\":\"https:\/\/sunmind.co\/fr\/sunmind-met-en-service-deux-nouvelles-centrales-solaires-sur-les-aeroports-de-madere-et-porto-santo\/#primaryimage\"},\"image\":{\"@id\":\"https:\/\/sunmind.co\/fr\/sunmind-met-en-service-deux-nouvelles-centrales-solaires-sur-les-aeroports-de-madere-et-porto-santo\/#primaryimage\"},\"thumbnailUrl\":\"https:\/\/sunmind.co\/wp-content\/uploads\/2026\/03\/WhatsApp-Image-2026-03-20-at-12.04.16-e1774878538294.jpeg\",\"datePublished\":\"2026-03-30T14:56:41+00:00\",\"dateModified\":\"2026-04-01T13:48:06+00:00\",\"author\":{\"@id\":\"https:\/\/sunmind.co\/fr\/#\/schema\/person\/fef6efdea46e9564cf53aaa993c7ca64\"},\"breadcrumb\":{\"@id\":\"https:\/\/sunmind.co\/fr\/sunmind-met-en-service-deux-nouvelles-centrales-solaires-sur-les-aeroports-de-madere-et-porto-santo\/#breadcrumb\"},\"inLanguage\":\"fr-FR\",\"potentialAction\":[{\"@type\":\"ReadAction\",\"target\":[\"https:\/\/sunmind.co\/fr\/sunmind-met-en-service-deux-nouvelles-centrales-solaires-sur-les-aeroports-de-madere-et-porto-santo\/\"]}]},{\"@type\":\"ImageObject\",\"inLanguage\":\"fr-FR\",\"@id\":\"https:\/\/sunmind.co\/fr\/sunmind-met-en-service-deux-nouvelles-centrales-solaires-sur-les-aeroports-de-madere-et-porto-santo\/#primaryimage\",\"url\":\"https:\/\/sunmind.co\/wp-content\/uploads\/2026\/03\/WhatsApp-Image-2026-03-20-at-12.04.16-e1774878538294.jpeg\",\"contentUrl\":\"https:\/\/sunmind.co\/wp-content\/uploads\/2026\/03\/WhatsApp-Image-2026-03-20-at-12.04.16-e1774878538294.jpeg\",\"width\":1600,\"height\":963},{\"@type\":\"BreadcrumbList\",\"@id\":\"https:\/\/sunmind.co\/fr\/sunmind-met-en-service-deux-nouvelles-centrales-solaires-sur-les-aeroports-de-madere-et-porto-santo\/#breadcrumb\",\"itemListElement\":[{\"@type\":\"ListItem\",\"position\":1,\"name\":\"Home\",\"item\":\"https:\/\/sunmind.co\/fr\/\"},{\"@type\":\"ListItem\",\"position\":2,\"name\":\"SunMind met en service deux nouvelles centrales solaires sur les a\u00e9roports de Mad\u00e8re et Porto Santo\"}]},{\"@type\":\"WebSite\",\"@id\":\"https:\/\/sunmind.co\/fr\/#website\",\"url\":\"https:\/\/sunmind.co\/fr\/\",\"name\":\"Sunmind\",\"description\":\"Lib\u00e9rer votre potentiel solaire\",\"potentialAction\":[{\"@type\":\"SearchAction\",\"target\":{\"@type\":\"EntryPoint\",\"urlTemplate\":\"https:\/\/sunmind.co\/fr\/?s={search_term_string}\"},\"query-input\":{\"@type\":\"PropertyValueSpecification\",\"valueRequired\":true,\"valueName\":\"search_term_string\"}}],\"inLanguage\":\"fr-FR\"},{\"@type\":\"Person\",\"@id\":\"https:\/\/sunmind.co\/fr\/#\/schema\/person\/fef6efdea46e9564cf53aaa993c7ca64\",\"name\":\"Etienne Pelbois\",\"image\":{\"@type\":\"ImageObject\",\"inLanguage\":\"fr-FR\",\"@id\":\"https:\/\/secure.gravatar.com\/avatar\/db2ba45d8ebeede8258fe24b31fd0ee60283c2eaaa7086ad02810abad1291605?s=96&d=mm&r=g\",\"url\":\"https:\/\/secure.gravatar.com\/avatar\/db2ba45d8ebeede8258fe24b31fd0ee60283c2eaaa7086ad02810abad1291605?s=96&d=mm&r=g\",\"contentUrl\":\"https:\/\/secure.gravatar.com\/avatar\/db2ba45d8ebeede8258fe24b31fd0ee60283c2eaaa7086ad02810abad1291605?s=96&d=mm&r=g\",\"caption\":\"Etienne Pelbois\"}}]}<\/script>\n<!-- \/ Yoast SEO plugin. -->","yoast_head_json":{"title":"SunMind met en service deux nouvelles centrales solaires sur les a\u00e9roports de Mad\u00e8re et Porto Santo - Sunmind","robots":{"index":"index","follow":"follow","max-snippet":"max-snippet:-1","max-image-preview":"max-image-preview:large","max-video-preview":"max-video-preview:-1"},"canonical":"https:\/\/sunmind.co\/fr\/sunmind-met-en-service-deux-nouvelles-centrales-solaires-sur-les-aeroports-de-madere-et-porto-santo\/","og_locale":"fr_FR","og_type":"article","og_title":"SunMind met en service deux nouvelles centrales solaires sur les a\u00e9roports de Mad\u00e8re et Porto Santo - Sunmind","og_url":"https:\/\/sunmind.co\/fr\/sunmind-met-en-service-deux-nouvelles-centrales-solaires-sur-les-aeroports-de-madere-et-porto-santo\/","og_site_name":"Sunmind","article_published_time":"2026-03-30T14:56:41+00:00","article_modified_time":"2026-04-01T13:48:06+00:00","og_image":[{"width":1600,"height":963,"url":"https:\/\/sunmind.co\/wp-content\/uploads\/2026\/03\/WhatsApp-Image-2026-03-20-at-12.04.16-e1774878538294.jpeg","type":"image\/jpeg"}],"author":"Etienne Pelbois","twitter_card":"summary_large_image","twitter_creator":"@vinciairports","twitter_site":"@vinciairports","twitter_misc":{"\u00c9crit par":"Etienne Pelbois","Dur\u00e9e de lecture estim\u00e9e":"1 minute"},"schema":{"@context":"https:\/\/schema.org","@graph":[{"@type":"Article","@id":"https:\/\/sunmind.co\/fr\/sunmind-met-en-service-deux-nouvelles-centrales-solaires-sur-les-aeroports-de-madere-et-porto-santo\/#article","isPartOf":{"@id":"https:\/\/sunmind.co\/fr\/sunmind-met-en-service-deux-nouvelles-centrales-solaires-sur-les-aeroports-de-madere-et-porto-santo\/"},"author":{"name":"Etienne Pelbois","@id":"https:\/\/sunmind.co\/fr\/#\/schema\/person\/fef6efdea46e9564cf53aaa993c7ca64"},"headline":"SunMind met en service deux nouvelles centrales solaires sur les a\u00e9roports de Mad\u00e8re et Porto Santo","datePublished":"2026-03-30T14:56:41+00:00","dateModified":"2026-04-01T13:48:06+00:00","mainEntityOfPage":{"@id":"https:\/\/sunmind.co\/fr\/sunmind-met-en-service-deux-nouvelles-centrales-solaires-sur-les-aeroports-de-madere-et-porto-santo\/"},"wordCount":18,"image":{"@id":"https:\/\/sunmind.co\/fr\/sunmind-met-en-service-deux-nouvelles-centrales-solaires-sur-les-aeroports-de-madere-et-porto-santo\/#primaryimage"},"thumbnailUrl":"https:\/\/sunmind.co\/wp-content\/uploads\/2026\/03\/WhatsApp-Image-2026-03-20-at-12.04.16-e1774878538294.jpeg","articleSection":["Actualit\u00e9s"],"inLanguage":"fr-FR"},{"@type":"WebPage","@id":"https:\/\/sunmind.co\/fr\/sunmind-met-en-service-deux-nouvelles-centrales-solaires-sur-les-aeroports-de-madere-et-porto-santo\/","url":"https:\/\/sunmind.co\/fr\/sunmind-met-en-service-deux-nouvelles-centrales-solaires-sur-les-aeroports-de-madere-et-porto-santo\/","name":"SunMind met en service deux nouvelles centrales solaires sur les a\u00e9roports de Mad\u00e8re et Porto Santo - Sunmind","isPartOf":{"@id":"https:\/\/sunmind.co\/fr\/#website"},"primaryImageOfPage":{"@id":"https:\/\/sunmind.co\/fr\/sunmind-met-en-service-deux-nouvelles-centrales-solaires-sur-les-aeroports-de-madere-et-porto-santo\/#primaryimage"},"image":{"@id":"https:\/\/sunmind.co\/fr\/sunmind-met-en-service-deux-nouvelles-centrales-solaires-sur-les-aeroports-de-madere-et-porto-santo\/#primaryimage"},"thumbnailUrl":"https:\/\/sunmind.co\/wp-content\/uploads\/2026\/03\/WhatsApp-Image-2026-03-20-at-12.04.16-e1774878538294.jpeg","datePublished":"2026-03-30T14:56:41+00:00","dateModified":"2026-04-01T13:48:06+00:00","author":{"@id":"https:\/\/sunmind.co\/fr\/#\/schema\/person\/fef6efdea46e9564cf53aaa993c7ca64"},"breadcrumb":{"@id":"https:\/\/sunmind.co\/fr\/sunmind-met-en-service-deux-nouvelles-centrales-solaires-sur-les-aeroports-de-madere-et-porto-santo\/#breadcrumb"},"inLanguage":"fr-FR","potentialAction":[{"@type":"ReadAction","target":["https:\/\/sunmind.co\/fr\/sunmind-met-en-service-deux-nouvelles-centrales-solaires-sur-les-aeroports-de-madere-et-porto-santo\/"]}]},{"@type":"ImageObject","inLanguage":"fr-FR","@id":"https:\/\/sunmind.co\/fr\/sunmind-met-en-service-deux-nouvelles-centrales-solaires-sur-les-aeroports-de-madere-et-porto-santo\/#primaryimage","url":"https:\/\/sunmind.co\/wp-content\/uploads\/2026\/03\/WhatsApp-Image-2026-03-20-at-12.04.16-e1774878538294.jpeg","contentUrl":"https:\/\/sunmind.co\/wp-content\/uploads\/2026\/03\/WhatsApp-Image-2026-03-20-at-12.04.16-e1774878538294.jpeg","width":1600,"height":963},{"@type":"BreadcrumbList","@id":"https:\/\/sunmind.co\/fr\/sunmind-met-en-service-deux-nouvelles-centrales-solaires-sur-les-aeroports-de-madere-et-porto-santo\/#breadcrumb","itemListElement":[{"@type":"ListItem","position":1,"name":"Home","item":"https:\/\/sunmind.co\/fr\/"},{"@type":"ListItem","position":2,"name":"SunMind met en service deux nouvelles centrales solaires sur les a\u00e9roports de Mad\u00e8re et Porto Santo"}]},{"@type":"WebSite","@id":"https:\/\/sunmind.co\/fr\/#website","url":"https:\/\/sunmind.co\/fr\/","name":"Sunmind","description":"Lib\u00e9rer votre potentiel solaire","potentialAction":[{"@type":"SearchAction","target":{"@type":"EntryPoint","urlTemplate":"https:\/\/sunmind.co\/fr\/?s={search_term_string}"},"query-input":{"@type":"PropertyValueSpecification","valueRequired":true,"valueName":"search_term_string"}}],"inLanguage":"fr-FR"},{"@type":"Person","@id":"https:\/\/sunmind.co\/fr\/#\/schema\/person\/fef6efdea46e9564cf53aaa993c7ca64","name":"Etienne Pelbois","image":{"@type":"ImageObject","inLanguage":"fr-FR","@id":"https:\/\/secure.gravatar.com\/avatar\/db2ba45d8ebeede8258fe24b31fd0ee60283c2eaaa7086ad02810abad1291605?s=96&d=mm&r=g","url":"https:\/\/secure.gravatar.com\/avatar\/db2ba45d8ebeede8258fe24b31fd0ee60283c2eaaa7086ad02810abad1291605?s=96&d=mm&r=g","contentUrl":"https:\/\/secure.gravatar.com\/avatar\/db2ba45d8ebeede8258fe24b31fd0ee60283c2eaaa7086ad02810abad1291605?s=96&d=mm&r=g","caption":"Etienne Pelbois"}}]}},"_links":{"self":[{"href":"https:\/\/sunmind.co\/fr\/wp-json\/wp\/v2\/posts\/4098","targetHints":{"allow":["GET"]}}],"collection":[{"href":"https:\/\/sunmind.co\/fr\/wp-json\/wp\/v2\/posts"}],"about":[{"href":"https:\/\/sunmind.co\/fr\/wp-json\/wp\/v2\/types\/post"}],"author":[{"embeddable":true,"href":"https:\/\/sunmind.co\/fr\/wp-json\/wp\/v2\/users\/8"}],"replies":[{"embeddable":true,"href":"https:\/\/sunmind.co\/fr\/wp-json\/wp\/v2\/comments?post=4098"}],"version-history":[{"count":14,"href":"https:\/\/sunmind.co\/fr\/wp-json\/wp\/v2\/posts\/4098\/revisions"}],"predecessor-version":[{"id":4138,"href":"https:\/\/sunmind.co\/fr\/wp-json\/wp\/v2\/posts\/4098\/revisions\/4138"}],"wp:featuredmedia":[{"embeddable":true,"href":"https:\/\/sunmind.co\/fr\/wp-json\/wp\/v2\/media\/4099"}],"wp:attachment":[{"href":"https:\/\/sunmind.co\/fr\/wp-json\/wp\/v2\/media?parent=4098"}],"wp:term":[{"taxonomy":"category","embeddable":true,"href":"https:\/\/sunmind.co\/fr\/wp-json\/wp\/v2\/categories?post=4098"},{"taxonomy":"post_tag","embeddable":true,"href":"https:\/\/sunmind.co\/fr\/wp-json\/wp\/v2\/tags?post=4098"}],"curies":[{"name":"wp","href":"https:\/\/api.w.org\/{rel}","templated":true}]}}